{"id":8769,"date":"2012-03-29T13:58:27","date_gmt":"2012-03-29T17:58:27","guid":{"rendered":"http:\/\/www.flexaust.com\/?p=8769"},"modified":"2024-05-29T15:00:27","modified_gmt":"2024-05-29T19:00:27","slug":"manguera-aislada-del-ventilador-de-aire-caliente-frio","status":"publish","type":"post","link":"https:\/\/www.flexaust.com\/es\/noticias-y-pr\/manguera-aislada-del-ventilador-de-aire-caliente-frio\/","title":{"rendered":"Manguera Aislada del Ventilador de Aire Caliente y Fr\u00edo"},"content":{"rendered":"<p><img loading=\"lazy\" decoding=\"async\" class=\"alignright size-full wp-image-3453\" src=\"http:\/\/www.flexaust.com\/wp-content\/uploads\/2012\/03\/Arctic-Duct-U.png\" alt=\"Arctic Duct U\" width=\"166\" height=\"208\" srcset=\"https:\/\/www.flexaust.com\/wp-content\/uploads\/2012\/03\/Arctic-Duct-U.png 166w, https:\/\/www.flexaust.com\/wp-content\/uploads\/2012\/03\/Arctic-Duct-U-159x200.png 159w, https:\/\/www.flexaust.com\/wp-content\/uploads\/2012\/03\/Arctic-Duct-U-63x80.png 63w\" sizes=\"auto, (max-width: 166px) 100vw, 166px\" \/>Flexaust presenta una nueva manguera de soplador liviana y con <a href=\"http:\/\/www.flexaust.com\/es\/ind-hose-market\/thermo-aislante-de-calofrio\/\">aislante dise\u00f1ada<\/a> para el transporte de aire caliente y fr\u00edo; es altamente comprimible para f\u00e1cil almacenamiento, y se ofrece en una amplia gama de tama\u00f1os.<\/p>\n<p>Flexaust<sup>\u00ae<\/sup> Springflex<sup>\u00ae<\/sup> <a href=\"http:\/\/www.flexaust.com\/es\/industrial-hoses\/arctic-duct\/\">Arctic Duct U<\/a> tiene dos capas de tela de poli\u00e9ster, de una capa, recubierta de neopreno que protegen una barrera de aislamiento reforzada con una espiral de alambre de acero para resorte y una banda protectora exterior recubierta de PVC. Est\u00e1 elaborada con materiales resistentes a las llamas, posee un factor de aislamiento R4, funciona a temperaturas de -40\u00b0F a 250\u00b0F y es altamente comprimible para f\u00e1cil almacenamiento.<\/p>\n<p>Flexaust<sup>\u00ae<\/sup> <a href=\"http:\/\/www.flexaust.com\/es\/product-line\/springflex-es\/\">Springflex<sup>\u00ae<\/sup><\/a> Arctic Duct U se suministra con bocamangas est\u00e1ndar cosidas en cada extremo o con acabados para extremos opcionales seg\u00fan especificaciones, y se ofrece en tama\u00f1os est\u00e1ndar de di\u00e1metro interior de 4\u201d a 20\u201d y seg\u00fan especificaciones hasta 48\u201d de di\u00e1metro interior. Es id\u00f3nea para aplicaciones comerciales y militares, y el color est\u00e1ndar de esta duradera manguera es amarillo con banda protectora negra. Hay disponibles colores personalizados opcionales.<\/p>\n<p>El precio de las mangueras Flexaust<sup>\u00ae<\/sup> Springflex<sup>\u00ae<\/sup> Arctic Duct U var\u00eda seg\u00fan el tama\u00f1o y la cantidad. Los documentos y los precios est\u00e1n disponibles a solicitud del cliente.<\/p>\n<p><a href=\"..\/news-and-pr\/contact\/contact-us\/\">Para m\u00e1s informaci\u00f3n p\u00f3ngase en contacto con Flexaust aqu\u00ed.<\/a><\/p>\n","protected":false},"excerpt":{"rendered":"<p>Flexaust presenta una nueva manguera de soplador liviana y con aislante dise\u00f1ada para el transporte de aire caliente y fr\u00edo; es altamente comprimible para f\u00e1cil almacenamiento, y se ofrece en una amplia gama de tama\u00f1os. Flexaust\u00ae Springflex\u00ae Arctic Duct U tiene dos capas de tela de poli\u00e9ster, de una capa, recubierta de neopreno que protegen una barrera de aislamiento reforzada con una espiral de alambre de acero para resorte y una banda protectora exterior recubierta de PVC. Est\u00e1 elaborada con &hellip; <a href=\"https:\/\/www.flexaust.com\/es\/noticias-y-pr\/manguera-aislada-del-ventilador-de-aire-caliente-frio\/\">Seguir leyendo <span class=\"meta-nav\">\u00bb<\/span><\/a><\/p>\n","protected":false},"author":4,"featured_media":0,"comment_status":"closed","ping_status":"closed","sticky":false,"template":"","format":"standard","meta":{"_acf_changed":false,"content-type":"","inline_featured_image":false,"footnotes":"","_links_to":"","_links_to_target":""},"categories":[274],"tags":[],"class_list":["post-8769","post","type-post","status-publish","format-standard","hentry","category-noticias-y-pr"],"acf":[],"yoast_head":"<!-- This site is optimized with the Yoast SEO plugin v27.4 - https:\/\/yoast.com\/product\/yoast-seo-wordpress\/ -->\n<title>Manguera Aislada del Ventilador de Aire Caliente y Fr\u00edo - Flexaust<\/title>\n<meta name=\"description\" content=\"Manguera Aislada del Ventilador: Manguera para aire caliente y fr\u00edo.\" \/>\n<meta name=\"robots\" content=\"index, follow, max-snippet:-1, max-image-preview:large, max-video-preview:-1\" \/>\n<link rel=\"canonical\" href=\"https:\/\/www.flexaust.com\/es\/noticias-y-pr\/manguera-aislada-del-ventilador-de-aire-caliente-frio\/\" \/>\n<meta name=\"twitter:label1\" content=\"Escrito por\" \/>\n\t<meta name=\"twitter:data1\" content=\"Sabrina\" \/>\n\t<meta name=\"twitter:label2\" content=\"Tiempo de lectura\" \/>\n\t<meta name=\"twitter:data2\" content=\"2 minutes\" \/>\n<script type=\"application\/ld+json\" class=\"yoast-schema-graph\">{\"@context\":\"https:\\\/\\\/schema.org\",\"@graph\":[{\"@type\":\"Article\",\"@id\":\"https:\\\/\\\/www.flexaust.com\\\/es\\\/noticias-y-pr\\\/manguera-aislada-del-ventilador-de-aire-caliente-frio\\\/#article\",\"isPartOf\":{\"@id\":\"https:\\\/\\\/www.flexaust.com\\\/es\\\/noticias-y-pr\\\/manguera-aislada-del-ventilador-de-aire-caliente-frio\\\/\"},\"author\":{\"name\":\"Sabrina\",\"@id\":\"https:\\\/\\\/www.flexaust.com\\\/#\\\/schema\\\/person\\\/da950015bfdf6bbf19e0f7004e991dac\"},\"headline\":\"Manguera Aislada del Ventilador de Aire Caliente y Fr\u00edo\",\"datePublished\":\"2012-03-29T17:58:27+00:00\",\"dateModified\":\"2024-05-29T19:00:27+00:00\",\"mainEntityOfPage\":{\"@id\":\"https:\\\/\\\/www.flexaust.com\\\/es\\\/noticias-y-pr\\\/manguera-aislada-del-ventilador-de-aire-caliente-frio\\\/\"},\"wordCount\":241,\"image\":{\"@id\":\"https:\\\/\\\/www.flexaust.com\\\/es\\\/noticias-y-pr\\\/manguera-aislada-del-ventilador-de-aire-caliente-frio\\\/#primaryimage\"},\"thumbnailUrl\":\"http:\\\/\\\/www.flexaust.com\\\/wp-content\\\/uploads\\\/2012\\\/03\\\/Arctic-Duct-U.png\",\"articleSection\":[\"Noticias y PR\"],\"inLanguage\":\"es-ES\"},{\"@type\":\"WebPage\",\"@id\":\"https:\\\/\\\/www.flexaust.com\\\/es\\\/noticias-y-pr\\\/manguera-aislada-del-ventilador-de-aire-caliente-frio\\\/\",\"url\":\"https:\\\/\\\/www.flexaust.com\\\/es\\\/noticias-y-pr\\\/manguera-aislada-del-ventilador-de-aire-caliente-frio\\\/\",\"name\":\"Manguera Aislada del Ventilador de Aire Caliente y Fr\u00edo - Flexaust\",\"isPartOf\":{\"@id\":\"https:\\\/\\\/www.flexaust.com\\\/#website\"},\"primaryImageOfPage\":{\"@id\":\"https:\\\/\\\/www.flexaust.com\\\/es\\\/noticias-y-pr\\\/manguera-aislada-del-ventilador-de-aire-caliente-frio\\\/#primaryimage\"},\"image\":{\"@id\":\"https:\\\/\\\/www.flexaust.com\\\/es\\\/noticias-y-pr\\\/manguera-aislada-del-ventilador-de-aire-caliente-frio\\\/#primaryimage\"},\"thumbnailUrl\":\"http:\\\/\\\/www.flexaust.com\\\/wp-content\\\/uploads\\\/2012\\\/03\\\/Arctic-Duct-U.png\",\"datePublished\":\"2012-03-29T17:58:27+00:00\",\"dateModified\":\"2024-05-29T19:00:27+00:00\",\"author\":{\"@id\":\"https:\\\/\\\/www.flexaust.com\\\/#\\\/schema\\\/person\\\/da950015bfdf6bbf19e0f7004e991dac\"},\"description\":\"Manguera Aislada del Ventilador: Manguera para aire caliente y fr\u00edo.\",\"inLanguage\":\"es-ES\",\"potentialAction\":[{\"@type\":\"ReadAction\",\"target\":[\"https:\\\/\\\/www.flexaust.com\\\/es\\\/noticias-y-pr\\\/manguera-aislada-del-ventilador-de-aire-caliente-frio\\\/\"]}]},{\"@type\":\"ImageObject\",\"inLanguage\":\"es-ES\",\"@id\":\"https:\\\/\\\/www.flexaust.com\\\/es\\\/noticias-y-pr\\\/manguera-aislada-del-ventilador-de-aire-caliente-frio\\\/#primaryimage\",\"url\":\"http:\\\/\\\/www.flexaust.com\\\/wp-content\\\/uploads\\\/2012\\\/03\\\/Arctic-Duct-U.png\",\"contentUrl\":\"http:\\\/\\\/www.flexaust.com\\\/wp-content\\\/uploads\\\/2012\\\/03\\\/Arctic-Duct-U.png\"},{\"@type\":\"WebSite\",\"@id\":\"https:\\\/\\\/www.flexaust.com\\\/#website\",\"url\":\"https:\\\/\\\/www.flexaust.com\\\/\",\"name\":\"Flexaust\",\"description\":\"Industrial Hose Manufacturer\",\"potentialAction\":[{\"@type\":\"SearchAction\",\"target\":{\"@type\":\"EntryPoint\",\"urlTemplate\":\"https:\\\/\\\/www.flexaust.com\\\/?s={search_term_string}\"},\"query-input\":{\"@type\":\"PropertyValueSpecification\",\"valueRequired\":true,\"valueName\":\"search_term_string\"}}],\"inLanguage\":\"es-ES\"},{\"@type\":\"Person\",\"@id\":\"https:\\\/\\\/www.flexaust.com\\\/#\\\/schema\\\/person\\\/da950015bfdf6bbf19e0f7004e991dac\",\"name\":\"Sabrina\",\"image\":{\"@type\":\"ImageObject\",\"inLanguage\":\"es-ES\",\"@id\":\"https:\\\/\\\/secure.gravatar.com\\\/avatar\\\/64c790130fe257467007bcce8bf99f6abee339af357ccfdf5331443628e1b1fe?s=96&d=blank&r=g\",\"url\":\"https:\\\/\\\/secure.gravatar.com\\\/avatar\\\/64c790130fe257467007bcce8bf99f6abee339af357ccfdf5331443628e1b1fe?s=96&d=blank&r=g\",\"contentUrl\":\"https:\\\/\\\/secure.gravatar.com\\\/avatar\\\/64c790130fe257467007bcce8bf99f6abee339af357ccfdf5331443628e1b1fe?s=96&d=blank&r=g\",\"caption\":\"Sabrina\"}}]}<\/script>\n<!-- \/ Yoast SEO plugin. -->","yoast_head_json":{"title":"Manguera Aislada del Ventilador de Aire Caliente y Fr\u00edo - Flexaust","description":"Manguera Aislada del Ventilador: Manguera para aire caliente y fr\u00edo.","robots":{"index":"index","follow":"follow","max-snippet":"max-snippet:-1","max-image-preview":"max-image-preview:large","max-video-preview":"max-video-preview:-1"},"canonical":"https:\/\/www.flexaust.com\/es\/noticias-y-pr\/manguera-aislada-del-ventilador-de-aire-caliente-frio\/","twitter_misc":{"Escrito por":"Sabrina","Tiempo de lectura":"2 minutes"},"schema":{"@context":"https:\/\/schema.org","@graph":[{"@type":"Article","@id":"https:\/\/www.flexaust.com\/es\/noticias-y-pr\/manguera-aislada-del-ventilador-de-aire-caliente-frio\/#article","isPartOf":{"@id":"https:\/\/www.flexaust.com\/es\/noticias-y-pr\/manguera-aislada-del-ventilador-de-aire-caliente-frio\/"},"author":{"name":"Sabrina","@id":"https:\/\/www.flexaust.com\/#\/schema\/person\/da950015bfdf6bbf19e0f7004e991dac"},"headline":"Manguera Aislada del Ventilador de Aire Caliente y Fr\u00edo","datePublished":"2012-03-29T17:58:27+00:00","dateModified":"2024-05-29T19:00:27+00:00","mainEntityOfPage":{"@id":"https:\/\/www.flexaust.com\/es\/noticias-y-pr\/manguera-aislada-del-ventilador-de-aire-caliente-frio\/"},"wordCount":241,"image":{"@id":"https:\/\/www.flexaust.com\/es\/noticias-y-pr\/manguera-aislada-del-ventilador-de-aire-caliente-frio\/#primaryimage"},"thumbnailUrl":"http:\/\/www.flexaust.com\/wp-content\/uploads\/2012\/03\/Arctic-Duct-U.png","articleSection":["Noticias y PR"],"inLanguage":"es-ES"},{"@type":"WebPage","@id":"https:\/\/www.flexaust.com\/es\/noticias-y-pr\/manguera-aislada-del-ventilador-de-aire-caliente-frio\/","url":"https:\/\/www.flexaust.com\/es\/noticias-y-pr\/manguera-aislada-del-ventilador-de-aire-caliente-frio\/","name":"Manguera Aislada del Ventilador de Aire Caliente y Fr\u00edo - Flexaust","isPartOf":{"@id":"https:\/\/www.flexaust.com\/#website"},"primaryImageOfPage":{"@id":"https:\/\/www.flexaust.com\/es\/noticias-y-pr\/manguera-aislada-del-ventilador-de-aire-caliente-frio\/#primaryimage"},"image":{"@id":"https:\/\/www.flexaust.com\/es\/noticias-y-pr\/manguera-aislada-del-ventilador-de-aire-caliente-frio\/#primaryimage"},"thumbnailUrl":"http:\/\/www.flexaust.com\/wp-content\/uploads\/2012\/03\/Arctic-Duct-U.png","datePublished":"2012-03-29T17:58:27+00:00","dateModified":"2024-05-29T19:00:27+00:00","author":{"@id":"https:\/\/www.flexaust.com\/#\/schema\/person\/da950015bfdf6bbf19e0f7004e991dac"},"description":"Manguera Aislada del Ventilador: Manguera para aire caliente y fr\u00edo.","inLanguage":"es-ES","potentialAction":[{"@type":"ReadAction","target":["https:\/\/www.flexaust.com\/es\/noticias-y-pr\/manguera-aislada-del-ventilador-de-aire-caliente-frio\/"]}]},{"@type":"ImageObject","inLanguage":"es-ES","@id":"https:\/\/www.flexaust.com\/es\/noticias-y-pr\/manguera-aislada-del-ventilador-de-aire-caliente-frio\/#primaryimage","url":"http:\/\/www.flexaust.com\/wp-content\/uploads\/2012\/03\/Arctic-Duct-U.png","contentUrl":"http:\/\/www.flexaust.com\/wp-content\/uploads\/2012\/03\/Arctic-Duct-U.png"},{"@type":"WebSite","@id":"https:\/\/www.flexaust.com\/#website","url":"https:\/\/www.flexaust.com\/","name":"Flexaust","description":"Industrial Hose Manufacturer","potentialAction":[{"@type":"SearchAction","target":{"@type":"EntryPoint","urlTemplate":"https:\/\/www.flexaust.com\/?s={search_term_string}"},"query-input":{"@type":"PropertyValueSpecification","valueRequired":true,"valueName":"search_term_string"}}],"inLanguage":"es-ES"},{"@type":"Person","@id":"https:\/\/www.flexaust.com\/#\/schema\/person\/da950015bfdf6bbf19e0f7004e991dac","name":"Sabrina","image":{"@type":"ImageObject","inLanguage":"es-ES","@id":"https:\/\/secure.gravatar.com\/avatar\/64c790130fe257467007bcce8bf99f6abee339af357ccfdf5331443628e1b1fe?s=96&d=blank&r=g","url":"https:\/\/secure.gravatar.com\/avatar\/64c790130fe257467007bcce8bf99f6abee339af357ccfdf5331443628e1b1fe?s=96&d=blank&r=g","contentUrl":"https:\/\/secure.gravatar.com\/avatar\/64c790130fe257467007bcce8bf99f6abee339af357ccfdf5331443628e1b1fe?s=96&d=blank&r=g","caption":"Sabrina"}}]}},"_links":{"self":[{"href":"https:\/\/www.flexaust.com\/es\/wp-json\/wp\/v2\/posts\/8769","targetHints":{"allow":["GET"]}}],"collection":[{"href":"https:\/\/www.flexaust.com\/es\/wp-json\/wp\/v2\/posts"}],"about":[{"href":"https:\/\/www.flexaust.com\/es\/wp-json\/wp\/v2\/types\/post"}],"author":[{"embeddable":true,"href":"https:\/\/www.flexaust.com\/es\/wp-json\/wp\/v2\/users\/4"}],"replies":[{"embeddable":true,"href":"https:\/\/www.flexaust.com\/es\/wp-json\/wp\/v2\/comments?post=8769"}],"version-history":[{"count":0,"href":"https:\/\/www.flexaust.com\/es\/wp-json\/wp\/v2\/posts\/8769\/revisions"}],"wp:attachment":[{"href":"https:\/\/www.flexaust.com\/es\/wp-json\/wp\/v2\/media?parent=8769"}],"wp:term":[{"taxonomy":"category","embeddable":true,"href":"https:\/\/www.flexaust.com\/es\/wp-json\/wp\/v2\/categories?post=8769"},{"taxonomy":"post_tag","embeddable":true,"href":"https:\/\/www.flexaust.com\/es\/wp-json\/wp\/v2\/tags?post=8769"}],"curies":[{"name":"wp","href":"https:\/\/api.w.org\/{rel}","templated":true}]}}